{"id":537,"date":"2023-05-29T12:29:28","date_gmt":"2023-05-29T10:29:28","guid":{"rendered":"https:\/\/fundaciomonclinicbarcelona.cat\/se-celebra-con-exito-la-2a-edicion-del-endofest\/"},"modified":"2025-02-21T13:17:39","modified_gmt":"2025-02-21T11:17:39","slug":"se-celebra-con-exito-la-2a-edicion-del-endofest","status":"publish","type":"post","link":"https:\/\/fundaciomonclinicbarcelona.cat\/es\/se-celebra-con-exito-la-2a-edicion-del-endofest\/","title":{"rendered":"Se celebra con \u00e9xito la 2\u00aa Edici\u00f3n del ENDOFEST"},"content":{"rendered":"<p>El pasado 6 de mayo se celebr\u00f3 con \u00e9xito la <strong>2\u00aa edici\u00f3n del Endofest<\/strong>, Festival para dar visibilidad a la Endometriosis y recaudar fondos para su investigaci\u00f3n, organizado por M\u00f3n Cl\u00ednic.<\/p>\n<p>El festival lo impuls\u00f3 Anna Bassols, paciente con endometriosis y vecina de Premi\u00e0 de Dalt, con la colaboraci\u00f3n del Ayuntamiento de Premi\u00e0 de Dalt y el Hospital Cl\u00ednic de Barcelona.<\/p>\n<p>Con una presencia de <strong>1.700 personas<\/strong>, entre asistentes, backstage y voluntarios, se han recaudado un total de <strong>26.130 \u20ac<\/strong> netos que ir\u00e1n destinados a la investigaci\u00f3n de la enfermedad en el Cl\u00ednic-IDIBAPS.<\/p>\n<p>Las m\u00e1s de 1.700 personas que asistieron al festival, organizado en colaboraci\u00f3n con el Ayuntamiento de Premi\u00e0 de Dalt, pudieron disfrutar de la m\u00fasica en directo de Ramon Mirabet, Delaf\u00e9 y Flores Azules. Tambi\u00e9n de una zona para ni\u00f1os, foodtrucks y tenderetes con merchandising.<\/p>\n<p>La endometriosis es una de las enfermedades ginecol\u00f3gicas benignas m\u00e1s comunes. Afecta al 10% de las mujeres en edad f\u00e9rtil; entre 1 y 2 millones de mujeres en Espa\u00f1a y cerca de 176 millones en todo el mundo y es una de las principales causas de dolor p\u00e9lvico y de problemas reproductivos en las mujeres.<\/p>\n","protected":false},"excerpt":{"rendered":"<p>El pasado 6 de mayo se celebr\u00f3 con \u00e9xito la 2\u00aa edici\u00f3n del Endofest, Festival para dar visibilidad a la Endometriosis y recaudar fondos para su investigaci\u00f3n, organizado por M\u00f3n Cl\u00ednic. El festival lo impuls\u00f3 Anna Bassols, paciente con endometriosis y vecina de Premi\u00e0 de Dalt, con la colaboraci\u00f3n del Ayuntamiento de Premi\u00e0 de Dalt [&hellip;]<\/p>\n","protected":false},"author":1,"featured_media":495,"comment_status":"closed","ping_status":"closed","sticky":false,"template":"","format":"standard","meta":{"_et_pb_use_builder":"","_et_pb_old_content":"","_et_gb_content_width":"","inline_featured_image":false,"footnotes":""},"categories":[6],"tags":[],"class_list":["post-537","post","type-post","status-publish","format-standard","has-post-thumbnail","hentry","category-sin-categorizar"],"_links":{"self":[{"href":"https:\/\/fundaciomonclinicbarcelona.cat\/es\/wp-json\/wp\/v2\/posts\/537","targetHints":{"allow":["GET"]}}],"collection":[{"href":"https:\/\/fundaciomonclinicbarcelona.cat\/es\/wp-json\/wp\/v2\/posts"}],"about":[{"href":"https:\/\/fundaciomonclinicbarcelona.cat\/es\/wp-json\/wp\/v2\/types\/post"}],"author":[{"embeddable":true,"href":"https:\/\/fundaciomonclinicbarcelona.cat\/es\/wp-json\/wp\/v2\/users\/1"}],"replies":[{"embeddable":true,"href":"https:\/\/fundaciomonclinicbarcelona.cat\/es\/wp-json\/wp\/v2\/comments?post=537"}],"version-history":[{"count":1,"href":"https:\/\/fundaciomonclinicbarcelona.cat\/es\/wp-json\/wp\/v2\/posts\/537\/revisions"}],"predecessor-version":[{"id":2003,"href":"https:\/\/fundaciomonclinicbarcelona.cat\/es\/wp-json\/wp\/v2\/posts\/537\/revisions\/2003"}],"wp:featuredmedia":[{"embeddable":true,"href":"https:\/\/fundaciomonclinicbarcelona.cat\/es\/wp-json\/wp\/v2\/media\/495"}],"wp:attachment":[{"href":"https:\/\/fundaciomonclinicbarcelona.cat\/es\/wp-json\/wp\/v2\/media?parent=537"}],"wp:term":[{"taxonomy":"category","embeddable":true,"href":"https:\/\/fundaciomonclinicbarcelona.cat\/es\/wp-json\/wp\/v2\/categories?post=537"},{"taxonomy":"post_tag","embeddable":true,"href":"https:\/\/fundaciomonclinicbarcelona.cat\/es\/wp-json\/wp\/v2\/tags?post=537"}],"curies":[{"name":"wp","href":"https:\/\/api.w.org\/{rel}","templated":true}]}}